{"id":1337,"date":"2017-03-03T14:37:33","date_gmt":"2017-03-03T13:37:33","guid":{"rendered":"https:\/\/www.external-democracy-promotion.eu\/de\/?p=1337"},"modified":"2017-03-03T14:51:51","modified_gmt":"2017-03-03T13:51:51","slug":"johannes-gerschewski-aktuell-als-gast-am-die-in-bonn","status":"publish","type":"post","link":"https:\/\/www.external-democracy-promotion.eu\/de\/johannes-gerschewski-aktuell-als-gast-am-die-in-bonn\/","title":{"rendered":"Johannes Gerschewski aktuell als Gast am DIE in Bonn"},"content":{"rendered":"<p>Von Mitte Februar bis Anfang M\u00e4rz ist Johannes Gerschewski (HU Berlin) als Gast von Julia Leininger am Deutschen Institut f\u00fcr Entwicklungspolitik (DIE) in Bonn. Julia und Johannes tauschen sich bei diesem <em>staff exchange<\/em> unter Netzwerkmitgliedern insbesondere \u00fcber den Stand aktueller Forschungsprojekte aus. Julia arbeitet zurzeit mit Tina Freyburg \u2013 assoziiertes Netzwerkmitglied an der Universit\u00e4t St. Gallen \u2013 an einem gemeinsamen Papier f\u00fcr die kommende <a href=\"https:\/\/vergleichdvpw2017.wordpress.com\/\" target=\"_blank\">DVPW-Konferenz<\/a> in T\u00fcbingen. In dem Papier untersuchen die beiden, welche gesellschaftlichen Werte die Basis f\u00fcr eine erfolgreiche Demokratief\u00f6rderung darstellen. Johannes arbeitet in seiner Zeit am DIE vor allem an der Ko-Herausgeberschaft eines Sammelbands zur Entstehung von Krisen in Autokratien. Der Band &#8222;Crisis in Autocratic Regimes&#8220; soll im Herbst 2017 bei Lynne Rienner erscheinen.<\/p>\n","protected":false},"excerpt":{"rendered":"<p>Von Mitte Februar bis Anfang M\u00e4rz ist Johannes Gerschewski (HU Berlin) als Gast von Julia Leininger am Deutschen Institut f\u00fcr Entwicklungspolitik (DIE) in Bonn. Julia und Johannes tauschen sich bei diesem staff exchange unter Netzwerkmitgliedern insbesondere \u00fcber den Stand aktueller &#8230;<\/p>\n","protected":false},"author":2,"featured_media":0,"comment_status":"closed","ping_status":"closed","sticky":false,"template":"","format":"standard","meta":{"_acf_changed":false,"footnotes":""},"categories":[1],"tags":[],"class_list":["post-1337","post","type-post","status-publish","format-standard","hentry","category-edp-news"],"acf":[],"yoast_head":"<!-- This site is optimized with the Yoast SEO plugin v27.5 - https:\/\/yoast.com\/product\/yoast-seo-wordpress\/ -->\n<title>Johannes Gerschewski aktuell als Gast am DIE in Bonn - EDP Netzwerk<\/title>\n<meta name=\"description\" content=\"Von Mitte Februar bis Anfang M\u00e4rz ist Johannes Gerschewski (HU Berlin) als Gast von Julia Leininger am Deutschen Institut f\u00fcr Entwicklungspolitik (DIE) in\" \/>\n<meta name=\"robots\" content=\"index, follow, max-snippet:-1, max-image-preview:large, max-video-preview:-1\" \/>\n<link rel=\"canonical\" href=\"https:\/\/www.external-democracy-promotion.eu\/de\/johannes-gerschewski-aktuell-als-gast-am-die-in-bonn\/\" \/>\n<meta property=\"og:locale\" content=\"de_DE\" \/>\n<meta property=\"og:type\" content=\"article\" \/>\n<meta property=\"og:title\" content=\"Johannes Gerschewski aktuell als Gast am DIE in Bonn - EDP Netzwerk\" \/>\n<meta property=\"og:description\" content=\"Von Mitte Februar bis Anfang M\u00e4rz ist Johannes Gerschewski (HU Berlin) als Gast von Julia Leininger am Deutschen Institut f\u00fcr Entwicklungspolitik (DIE) in\" \/>\n<meta property=\"og:url\" content=\"https:\/\/www.external-democracy-promotion.eu\/de\/johannes-gerschewski-aktuell-als-gast-am-die-in-bonn\/\" \/>\n<meta property=\"og:site_name\" content=\"EDP Network\" \/>\n<meta property=\"article:published_time\" content=\"2017-03-03T13:37:33+00:00\" \/>\n<meta property=\"article:modified_time\" content=\"2017-03-03T13:51:51+00:00\" \/>\n<meta name=\"author\" content=\"Dr. Annika Elena Poppe\" \/>\n<meta name=\"twitter:card\" content=\"summary_large_image\" \/>\n<meta name=\"twitter:label1\" content=\"Verfasst von\" \/>\n\t<meta name=\"twitter:data1\" content=\"Dr. Annika Elena Poppe\" \/>\n\t<meta name=\"twitter:label2\" content=\"Gesch\u00e4tzte Lesezeit\" \/>\n\t<meta name=\"twitter:data2\" content=\"1\u00a0Minute\" \/>\n<script type=\"application\/ld+json\" class=\"yoast-schema-graph\">{\"@context\":\"https:\\\/\\\/schema.org\",\"@graph\":[{\"@type\":\"Article\",\"@id\":\"https:\\\/\\\/www.external-democracy-promotion.eu\\\/de\\\/johannes-gerschewski-aktuell-als-gast-am-die-in-bonn\\\/#article\",\"isPartOf\":{\"@id\":\"https:\\\/\\\/www.external-democracy-promotion.eu\\\/de\\\/johannes-gerschewski-aktuell-als-gast-am-die-in-bonn\\\/\"},\"author\":{\"name\":\"Dr. Annika Elena Poppe\",\"@id\":\"https:\\\/\\\/www.external-democracy-promotion.eu\\\/de\\\/#\\\/schema\\\/person\\\/568829e8866b9019482b9ebeaf0e084f\"},\"headline\":\"Johannes Gerschewski aktuell als Gast am DIE in Bonn\",\"datePublished\":\"2017-03-03T13:37:33+00:00\",\"dateModified\":\"2017-03-03T13:51:51+00:00\",\"mainEntityOfPage\":{\"@id\":\"https:\\\/\\\/www.external-democracy-promotion.eu\\\/de\\\/johannes-gerschewski-aktuell-als-gast-am-die-in-bonn\\\/\"},\"wordCount\":130,\"articleSection\":[\"News\"],\"inLanguage\":\"de\"},{\"@type\":\"WebPage\",\"@id\":\"https:\\\/\\\/www.external-democracy-promotion.eu\\\/de\\\/johannes-gerschewski-aktuell-als-gast-am-die-in-bonn\\\/\",\"url\":\"https:\\\/\\\/www.external-democracy-promotion.eu\\\/de\\\/johannes-gerschewski-aktuell-als-gast-am-die-in-bonn\\\/\",\"name\":\"Johannes Gerschewski aktuell als Gast am DIE in Bonn - EDP Netzwerk\",\"isPartOf\":{\"@id\":\"https:\\\/\\\/www.external-democracy-promotion.eu\\\/de\\\/#website\"},\"datePublished\":\"2017-03-03T13:37:33+00:00\",\"dateModified\":\"2017-03-03T13:51:51+00:00\",\"author\":{\"@id\":\"https:\\\/\\\/www.external-democracy-promotion.eu\\\/de\\\/#\\\/schema\\\/person\\\/568829e8866b9019482b9ebeaf0e084f\"},\"description\":\"Von Mitte Februar bis Anfang M\u00e4rz ist Johannes Gerschewski (HU Berlin) als Gast von Julia Leininger am Deutschen Institut f\u00fcr Entwicklungspolitik (DIE) in\",\"breadcrumb\":{\"@id\":\"https:\\\/\\\/www.external-democracy-promotion.eu\\\/de\\\/johannes-gerschewski-aktuell-als-gast-am-die-in-bonn\\\/#breadcrumb\"},\"inLanguage\":\"de\",\"potentialAction\":[{\"@type\":\"ReadAction\",\"target\":[\"https:\\\/\\\/www.external-democracy-promotion.eu\\\/de\\\/johannes-gerschewski-aktuell-als-gast-am-die-in-bonn\\\/\"]}]},{\"@type\":\"BreadcrumbList\",\"@id\":\"https:\\\/\\\/www.external-democracy-promotion.eu\\\/de\\\/johannes-gerschewski-aktuell-als-gast-am-die-in-bonn\\\/#breadcrumb\",\"itemListElement\":[{\"@type\":\"ListItem\",\"position\":1,\"name\":\"Home\",\"item\":\"https:\\\/\\\/www.external-democracy-promotion.eu\\\/de\\\/\"},{\"@type\":\"ListItem\",\"position\":2,\"name\":\"Johannes Gerschewski aktuell als Gast am DIE in Bonn\"}]},{\"@type\":\"WebSite\",\"@id\":\"https:\\\/\\\/www.external-democracy-promotion.eu\\\/de\\\/#website\",\"url\":\"https:\\\/\\\/www.external-democracy-promotion.eu\\\/de\\\/\",\"name\":\"EDP Network\",\"description\":\"Deutsche Website\",\"potentialAction\":[{\"@type\":\"SearchAction\",\"target\":{\"@type\":\"EntryPoint\",\"urlTemplate\":\"https:\\\/\\\/www.external-democracy-promotion.eu\\\/de\\\/?s={search_term_string}\"},\"query-input\":{\"@type\":\"PropertyValueSpecification\",\"valueRequired\":true,\"valueName\":\"search_term_string\"}}],\"inLanguage\":\"de\"},{\"@type\":\"Person\",\"@id\":\"https:\\\/\\\/www.external-democracy-promotion.eu\\\/de\\\/#\\\/schema\\\/person\\\/568829e8866b9019482b9ebeaf0e084f\",\"name\":\"Dr. Annika Elena Poppe\",\"url\":\"https:\\\/\\\/www.external-democracy-promotion.eu\\\/de\\\/author\\\/poppe\\\/\"}]}<\/script>\n<!-- \/ Yoast SEO plugin. -->","yoast_head_json":{"title":"Johannes Gerschewski aktuell als Gast am DIE in Bonn - EDP Netzwerk","description":"Von Mitte Februar bis Anfang M\u00e4rz ist Johannes Gerschewski (HU Berlin) als Gast von Julia Leininger am Deutschen Institut f\u00fcr Entwicklungspolitik (DIE) in","robots":{"index":"index","follow":"follow","max-snippet":"max-snippet:-1","max-image-preview":"max-image-preview:large","max-video-preview":"max-video-preview:-1"},"canonical":"https:\/\/www.external-democracy-promotion.eu\/de\/johannes-gerschewski-aktuell-als-gast-am-die-in-bonn\/","og_locale":"de_DE","og_type":"article","og_title":"Johannes Gerschewski aktuell als Gast am DIE in Bonn - EDP Netzwerk","og_description":"Von Mitte Februar bis Anfang M\u00e4rz ist Johannes Gerschewski (HU Berlin) als Gast von Julia Leininger am Deutschen Institut f\u00fcr Entwicklungspolitik (DIE) in","og_url":"https:\/\/www.external-democracy-promotion.eu\/de\/johannes-gerschewski-aktuell-als-gast-am-die-in-bonn\/","og_site_name":"EDP Network","article_published_time":"2017-03-03T13:37:33+00:00","article_modified_time":"2017-03-03T13:51:51+00:00","author":"Dr. Annika Elena Poppe","twitter_card":"summary_large_image","twitter_misc":{"Verfasst von":"Dr. Annika Elena Poppe","Gesch\u00e4tzte Lesezeit":"1\u00a0Minute"},"schema":{"@context":"https:\/\/schema.org","@graph":[{"@type":"Article","@id":"https:\/\/www.external-democracy-promotion.eu\/de\/johannes-gerschewski-aktuell-als-gast-am-die-in-bonn\/#article","isPartOf":{"@id":"https:\/\/www.external-democracy-promotion.eu\/de\/johannes-gerschewski-aktuell-als-gast-am-die-in-bonn\/"},"author":{"name":"Dr. Annika Elena Poppe","@id":"https:\/\/www.external-democracy-promotion.eu\/de\/#\/schema\/person\/568829e8866b9019482b9ebeaf0e084f"},"headline":"Johannes Gerschewski aktuell als Gast am DIE in Bonn","datePublished":"2017-03-03T13:37:33+00:00","dateModified":"2017-03-03T13:51:51+00:00","mainEntityOfPage":{"@id":"https:\/\/www.external-democracy-promotion.eu\/de\/johannes-gerschewski-aktuell-als-gast-am-die-in-bonn\/"},"wordCount":130,"articleSection":["News"],"inLanguage":"de"},{"@type":"WebPage","@id":"https:\/\/www.external-democracy-promotion.eu\/de\/johannes-gerschewski-aktuell-als-gast-am-die-in-bonn\/","url":"https:\/\/www.external-democracy-promotion.eu\/de\/johannes-gerschewski-aktuell-als-gast-am-die-in-bonn\/","name":"Johannes Gerschewski aktuell als Gast am DIE in Bonn - EDP Netzwerk","isPartOf":{"@id":"https:\/\/www.external-democracy-promotion.eu\/de\/#website"},"datePublished":"2017-03-03T13:37:33+00:00","dateModified":"2017-03-03T13:51:51+00:00","author":{"@id":"https:\/\/www.external-democracy-promotion.eu\/de\/#\/schema\/person\/568829e8866b9019482b9ebeaf0e084f"},"description":"Von Mitte Februar bis Anfang M\u00e4rz ist Johannes Gerschewski (HU Berlin) als Gast von Julia Leininger am Deutschen Institut f\u00fcr Entwicklungspolitik (DIE) in","breadcrumb":{"@id":"https:\/\/www.external-democracy-promotion.eu\/de\/johannes-gerschewski-aktuell-als-gast-am-die-in-bonn\/#breadcrumb"},"inLanguage":"de","potentialAction":[{"@type":"ReadAction","target":["https:\/\/www.external-democracy-promotion.eu\/de\/johannes-gerschewski-aktuell-als-gast-am-die-in-bonn\/"]}]},{"@type":"BreadcrumbList","@id":"https:\/\/www.external-democracy-promotion.eu\/de\/johannes-gerschewski-aktuell-als-gast-am-die-in-bonn\/#breadcrumb","itemListElement":[{"@type":"ListItem","position":1,"name":"Home","item":"https:\/\/www.external-democracy-promotion.eu\/de\/"},{"@type":"ListItem","position":2,"name":"Johannes Gerschewski aktuell als Gast am DIE in Bonn"}]},{"@type":"WebSite","@id":"https:\/\/www.external-democracy-promotion.eu\/de\/#website","url":"https:\/\/www.external-democracy-promotion.eu\/de\/","name":"EDP Network","description":"Deutsche Website","potentialAction":[{"@type":"SearchAction","target":{"@type":"EntryPoint","urlTemplate":"https:\/\/www.external-democracy-promotion.eu\/de\/?s={search_term_string}"},"query-input":{"@type":"PropertyValueSpecification","valueRequired":true,"valueName":"search_term_string"}}],"inLanguage":"de"},{"@type":"Person","@id":"https:\/\/www.external-democracy-promotion.eu\/de\/#\/schema\/person\/568829e8866b9019482b9ebeaf0e084f","name":"Dr. Annika Elena Poppe","url":"https:\/\/www.external-democracy-promotion.eu\/de\/author\/poppe\/"}]}},"_links":{"self":[{"href":"https:\/\/www.external-democracy-promotion.eu\/de\/wp-json\/wp\/v2\/posts\/1337","targetHints":{"allow":["GET"]}}],"collection":[{"href":"https:\/\/www.external-democracy-promotion.eu\/de\/wp-json\/wp\/v2\/posts"}],"about":[{"href":"https:\/\/www.external-democracy-promotion.eu\/de\/wp-json\/wp\/v2\/types\/post"}],"author":[{"embeddable":true,"href":"https:\/\/www.external-democracy-promotion.eu\/de\/wp-json\/wp\/v2\/users\/2"}],"replies":[{"embeddable":true,"href":"https:\/\/www.external-democracy-promotion.eu\/de\/wp-json\/wp\/v2\/comments?post=1337"}],"version-history":[{"count":3,"href":"https:\/\/www.external-democracy-promotion.eu\/de\/wp-json\/wp\/v2\/posts\/1337\/revisions"}],"predecessor-version":[{"id":1341,"href":"https:\/\/www.external-democracy-promotion.eu\/de\/wp-json\/wp\/v2\/posts\/1337\/revisions\/1341"}],"wp:attachment":[{"href":"https:\/\/www.external-democracy-promotion.eu\/de\/wp-json\/wp\/v2\/media?parent=1337"}],"wp:term":[{"taxonomy":"category","embeddable":true,"href":"https:\/\/www.external-democracy-promotion.eu\/de\/wp-json\/wp\/v2\/categories?post=1337"},{"taxonomy":"post_tag","embeddable":true,"href":"https:\/\/www.external-democracy-promotion.eu\/de\/wp-json\/wp\/v2\/tags?post=1337"}],"curies":[{"name":"wp","href":"https:\/\/api.w.org\/{rel}","templated":true}]}}