{"id":2015,"date":"2019-02-21T12:21:42","date_gmt":"2019-02-21T11:21:42","guid":{"rendered":"https:\/\/www.external-democracy-promotion.eu\/de\/?p=2015"},"modified":"2019-02-21T12:21:42","modified_gmt":"2019-02-21T11:21:42","slug":"dinamicas-territoriales-de-la-violencia-y-del-conflict-armado-antes-y-despues-del-acuerdo-de-paz-con-las-farc-ep","status":"publish","type":"post","link":"https:\/\/www.external-democracy-promotion.eu\/de\/dinamicas-territoriales-de-la-violencia-y-del-conflict-armado-antes-y-despues-del-acuerdo-de-paz-con-las-farc-ep\/","title":{"rendered":"Din\u00e1micas territoriales de la violencia y del conflict armado antes y despu\u00e9s del acuerdo de paz con las FARC-EP"},"content":{"rendered":"<p>Instituto Colombo-Alem\u00e1n para la Paz (CAPAZ), Documento de Trabajo 1\/2018.<\/p>\n<p><!--more--><\/p>\n<p>From a historical and geographical perspective (1990-2017), this paper analyses the territorial dynamics of the armed conflict and violence recorded in Tumaco, in the department of Nari\u00f1o, in southwest Colombia.<\/p>\n<p>The text examines the interrelated spatial behaviour of variables such as the presence of armed actors, armed confrontation, the drugs economy and the violence recorded against the civil population.<\/p>\n<p>The Tumaco region, with its high levels of armed confrontation and violence following the signing of the peace accord between the government and the FARC-EP, has always figured as a space subject to dispute, a supplier of illegal economies, and of strategic corridors for residual groups and drug traffickers.<\/p>\n<p>The territorial disputes and the violence recorded in urban Tumaco are a direct reflection of the armed tensions between illegal groups wanting to control the criminal economies and the State Forces wanting to control them in rural Tumaco.<\/p>\n<p>The paper offers crucial information on the key challenges faced by the current peace process in Colombia, but it also contributes to general knowledge on the complex dynamics of crime and violence during the transition to peace.<\/p>\n<p>Mehr zu dieser Publikation <a href=\"https:\/\/www.instituto-capaz.org\/capaz-publishes-its-first-working-paper-on-the-dynamics-of-the-armed-conflict-in-tumaco-narino\/\" target=\"_blank\" rel=\"noopener\">hier<\/a>.<\/p>\n","protected":false},"excerpt":{"rendered":"<p>Instituto Colombo-Alem\u00e1n para la Paz (CAPAZ), Documento de Trabajo 1\/2018.<\/p>\n","protected":false},"author":3,"featured_media":0,"comment_status":"closed","ping_status":"closed","sticky":false,"template":"","format":"standard","meta":{"_acf_changed":false,"footnotes":""},"categories":[3],"tags":[],"class_list":["post-2015","post","type-post","status-publish","format-standard","hentry","category-publication"],"acf":[],"yoast_head":"<!-- This site is optimized with the Yoast SEO plugin v27.5 - https:\/\/yoast.com\/product\/yoast-seo-wordpress\/ -->\n<title>Din\u00e1micas territoriales de la violencia y del conflict armado antes y despu\u00e9s del acuerdo de paz con las FARC-EP - EDP Netzwerk<\/title>\n<meta name=\"description\" content=\"Instituto Colombo-Alem\u00e1n para la Paz (CAPAZ), Documento de Trabajo 1\/2018. From a historical and geographical perspective (1990-2017), this paper analyses\" \/>\n<meta name=\"robots\" content=\"index, follow, max-snippet:-1, max-image-preview:large, max-video-preview:-1\" \/>\n<link rel=\"canonical\" href=\"https:\/\/www.external-democracy-promotion.eu\/de\/dinamicas-territoriales-de-la-violencia-y-del-conflict-armado-antes-y-despues-del-acuerdo-de-paz-con-las-farc-ep\/\" \/>\n<meta property=\"og:locale\" content=\"de_DE\" \/>\n<meta property=\"og:type\" content=\"article\" \/>\n<meta property=\"og:title\" content=\"Din\u00e1micas territoriales de la violencia y del conflict armado antes y despu\u00e9s del acuerdo de paz con las FARC-EP - EDP Netzwerk\" \/>\n<meta property=\"og:description\" content=\"Instituto Colombo-Alem\u00e1n para la Paz (CAPAZ), Documento de Trabajo 1\/2018. From a historical and geographical perspective (1990-2017), this paper analyses\" \/>\n<meta property=\"og:url\" content=\"https:\/\/www.external-democracy-promotion.eu\/de\/dinamicas-territoriales-de-la-violencia-y-del-conflict-armado-antes-y-despues-del-acuerdo-de-paz-con-las-farc-ep\/\" \/>\n<meta property=\"og:site_name\" content=\"EDP Network\" \/>\n<meta property=\"article:published_time\" content=\"2019-02-21T11:21:42+00:00\" \/>\n<meta name=\"author\" content=\"redaktion\" \/>\n<meta name=\"twitter:card\" content=\"summary_large_image\" \/>\n<meta name=\"twitter:label1\" content=\"Verfasst von\" \/>\n\t<meta name=\"twitter:data1\" content=\"redaktion\" \/>\n\t<meta name=\"twitter:label2\" content=\"Gesch\u00e4tzte Lesezeit\" \/>\n\t<meta name=\"twitter:data2\" content=\"1\u00a0Minute\" \/>\n<script type=\"application\/ld+json\" class=\"yoast-schema-graph\">{\"@context\":\"https:\\\/\\\/schema.org\",\"@graph\":[{\"@type\":\"Article\",\"@id\":\"https:\\\/\\\/www.external-democracy-promotion.eu\\\/de\\\/dinamicas-territoriales-de-la-violencia-y-del-conflict-armado-antes-y-despues-del-acuerdo-de-paz-con-las-farc-ep\\\/#article\",\"isPartOf\":{\"@id\":\"https:\\\/\\\/www.external-democracy-promotion.eu\\\/de\\\/dinamicas-territoriales-de-la-violencia-y-del-conflict-armado-antes-y-despues-del-acuerdo-de-paz-con-las-farc-ep\\\/\"},\"author\":{\"name\":\"redaktion\",\"@id\":\"https:\\\/\\\/www.external-democracy-promotion.eu\\\/de\\\/#\\\/schema\\\/person\\\/d31e00ee83784377361c70f7f3c1d1bf\"},\"headline\":\"Din\u00e1micas territoriales de la violencia y del conflict armado antes y despu\u00e9s del acuerdo de paz con las FARC-EP\",\"datePublished\":\"2019-02-21T11:21:42+00:00\",\"mainEntityOfPage\":{\"@id\":\"https:\\\/\\\/www.external-democracy-promotion.eu\\\/de\\\/dinamicas-territoriales-de-la-violencia-y-del-conflict-armado-antes-y-despues-del-acuerdo-de-paz-con-las-farc-ep\\\/\"},\"wordCount\":220,\"articleSection\":[\"Publication\"],\"inLanguage\":\"de\"},{\"@type\":\"WebPage\",\"@id\":\"https:\\\/\\\/www.external-democracy-promotion.eu\\\/de\\\/dinamicas-territoriales-de-la-violencia-y-del-conflict-armado-antes-y-despues-del-acuerdo-de-paz-con-las-farc-ep\\\/\",\"url\":\"https:\\\/\\\/www.external-democracy-promotion.eu\\\/de\\\/dinamicas-territoriales-de-la-violencia-y-del-conflict-armado-antes-y-despues-del-acuerdo-de-paz-con-las-farc-ep\\\/\",\"name\":\"Din\u00e1micas territoriales de la violencia y del conflict armado antes y despu\u00e9s del acuerdo de paz con las FARC-EP - EDP Netzwerk\",\"isPartOf\":{\"@id\":\"https:\\\/\\\/www.external-democracy-promotion.eu\\\/de\\\/#website\"},\"datePublished\":\"2019-02-21T11:21:42+00:00\",\"author\":{\"@id\":\"https:\\\/\\\/www.external-democracy-promotion.eu\\\/de\\\/#\\\/schema\\\/person\\\/d31e00ee83784377361c70f7f3c1d1bf\"},\"description\":\"Instituto Colombo-Alem\u00e1n para la Paz (CAPAZ), Documento de Trabajo 1\\\/2018. From a historical and geographical perspective (1990-2017), this paper analyses\",\"breadcrumb\":{\"@id\":\"https:\\\/\\\/www.external-democracy-promotion.eu\\\/de\\\/dinamicas-territoriales-de-la-violencia-y-del-conflict-armado-antes-y-despues-del-acuerdo-de-paz-con-las-farc-ep\\\/#breadcrumb\"},\"inLanguage\":\"de\",\"potentialAction\":[{\"@type\":\"ReadAction\",\"target\":[\"https:\\\/\\\/www.external-democracy-promotion.eu\\\/de\\\/dinamicas-territoriales-de-la-violencia-y-del-conflict-armado-antes-y-despues-del-acuerdo-de-paz-con-las-farc-ep\\\/\"]}]},{\"@type\":\"BreadcrumbList\",\"@id\":\"https:\\\/\\\/www.external-democracy-promotion.eu\\\/de\\\/dinamicas-territoriales-de-la-violencia-y-del-conflict-armado-antes-y-despues-del-acuerdo-de-paz-con-las-farc-ep\\\/#breadcrumb\",\"itemListElement\":[{\"@type\":\"ListItem\",\"position\":1,\"name\":\"Home\",\"item\":\"https:\\\/\\\/www.external-democracy-promotion.eu\\\/de\\\/\"},{\"@type\":\"ListItem\",\"position\":2,\"name\":\"Din\u00e1micas territoriales de la violencia y del conflict armado antes y despu\u00e9s del acuerdo de paz con las FARC-EP\"}]},{\"@type\":\"WebSite\",\"@id\":\"https:\\\/\\\/www.external-democracy-promotion.eu\\\/de\\\/#website\",\"url\":\"https:\\\/\\\/www.external-democracy-promotion.eu\\\/de\\\/\",\"name\":\"EDP Network\",\"description\":\"Deutsche Website\",\"potentialAction\":[{\"@type\":\"SearchAction\",\"target\":{\"@type\":\"EntryPoint\",\"urlTemplate\":\"https:\\\/\\\/www.external-democracy-promotion.eu\\\/de\\\/?s={search_term_string}\"},\"query-input\":{\"@type\":\"PropertyValueSpecification\",\"valueRequired\":true,\"valueName\":\"search_term_string\"}}],\"inLanguage\":\"de\"},{\"@type\":\"Person\",\"@id\":\"https:\\\/\\\/www.external-democracy-promotion.eu\\\/de\\\/#\\\/schema\\\/person\\\/d31e00ee83784377361c70f7f3c1d1bf\",\"name\":\"redaktion\",\"url\":\"https:\\\/\\\/www.external-democracy-promotion.eu\\\/de\\\/author\\\/redaktion\\\/\"}]}<\/script>\n<!-- \/ Yoast SEO plugin. -->","yoast_head_json":{"title":"Din\u00e1micas territoriales de la violencia y del conflict armado antes y despu\u00e9s del acuerdo de paz con las FARC-EP - EDP Netzwerk","description":"Instituto Colombo-Alem\u00e1n para la Paz (CAPAZ), Documento de Trabajo 1\/2018. From a historical and geographical perspective (1990-2017), this paper analyses","robots":{"index":"index","follow":"follow","max-snippet":"max-snippet:-1","max-image-preview":"max-image-preview:large","max-video-preview":"max-video-preview:-1"},"canonical":"https:\/\/www.external-democracy-promotion.eu\/de\/dinamicas-territoriales-de-la-violencia-y-del-conflict-armado-antes-y-despues-del-acuerdo-de-paz-con-las-farc-ep\/","og_locale":"de_DE","og_type":"article","og_title":"Din\u00e1micas territoriales de la violencia y del conflict armado antes y despu\u00e9s del acuerdo de paz con las FARC-EP - EDP Netzwerk","og_description":"Instituto Colombo-Alem\u00e1n para la Paz (CAPAZ), Documento de Trabajo 1\/2018. From a historical and geographical perspective (1990-2017), this paper analyses","og_url":"https:\/\/www.external-democracy-promotion.eu\/de\/dinamicas-territoriales-de-la-violencia-y-del-conflict-armado-antes-y-despues-del-acuerdo-de-paz-con-las-farc-ep\/","og_site_name":"EDP Network","article_published_time":"2019-02-21T11:21:42+00:00","author":"redaktion","twitter_card":"summary_large_image","twitter_misc":{"Verfasst von":"redaktion","Gesch\u00e4tzte Lesezeit":"1\u00a0Minute"},"schema":{"@context":"https:\/\/schema.org","@graph":[{"@type":"Article","@id":"https:\/\/www.external-democracy-promotion.eu\/de\/dinamicas-territoriales-de-la-violencia-y-del-conflict-armado-antes-y-despues-del-acuerdo-de-paz-con-las-farc-ep\/#article","isPartOf":{"@id":"https:\/\/www.external-democracy-promotion.eu\/de\/dinamicas-territoriales-de-la-violencia-y-del-conflict-armado-antes-y-despues-del-acuerdo-de-paz-con-las-farc-ep\/"},"author":{"name":"redaktion","@id":"https:\/\/www.external-democracy-promotion.eu\/de\/#\/schema\/person\/d31e00ee83784377361c70f7f3c1d1bf"},"headline":"Din\u00e1micas territoriales de la violencia y del conflict armado antes y despu\u00e9s del acuerdo de paz con las FARC-EP","datePublished":"2019-02-21T11:21:42+00:00","mainEntityOfPage":{"@id":"https:\/\/www.external-democracy-promotion.eu\/de\/dinamicas-territoriales-de-la-violencia-y-del-conflict-armado-antes-y-despues-del-acuerdo-de-paz-con-las-farc-ep\/"},"wordCount":220,"articleSection":["Publication"],"inLanguage":"de"},{"@type":"WebPage","@id":"https:\/\/www.external-democracy-promotion.eu\/de\/dinamicas-territoriales-de-la-violencia-y-del-conflict-armado-antes-y-despues-del-acuerdo-de-paz-con-las-farc-ep\/","url":"https:\/\/www.external-democracy-promotion.eu\/de\/dinamicas-territoriales-de-la-violencia-y-del-conflict-armado-antes-y-despues-del-acuerdo-de-paz-con-las-farc-ep\/","name":"Din\u00e1micas territoriales de la violencia y del conflict armado antes y despu\u00e9s del acuerdo de paz con las FARC-EP - EDP Netzwerk","isPartOf":{"@id":"https:\/\/www.external-democracy-promotion.eu\/de\/#website"},"datePublished":"2019-02-21T11:21:42+00:00","author":{"@id":"https:\/\/www.external-democracy-promotion.eu\/de\/#\/schema\/person\/d31e00ee83784377361c70f7f3c1d1bf"},"description":"Instituto Colombo-Alem\u00e1n para la Paz (CAPAZ), Documento de Trabajo 1\/2018. From a historical and geographical perspective (1990-2017), this paper analyses","breadcrumb":{"@id":"https:\/\/www.external-democracy-promotion.eu\/de\/dinamicas-territoriales-de-la-violencia-y-del-conflict-armado-antes-y-despues-del-acuerdo-de-paz-con-las-farc-ep\/#breadcrumb"},"inLanguage":"de","potentialAction":[{"@type":"ReadAction","target":["https:\/\/www.external-democracy-promotion.eu\/de\/dinamicas-territoriales-de-la-violencia-y-del-conflict-armado-antes-y-despues-del-acuerdo-de-paz-con-las-farc-ep\/"]}]},{"@type":"BreadcrumbList","@id":"https:\/\/www.external-democracy-promotion.eu\/de\/dinamicas-territoriales-de-la-violencia-y-del-conflict-armado-antes-y-despues-del-acuerdo-de-paz-con-las-farc-ep\/#breadcrumb","itemListElement":[{"@type":"ListItem","position":1,"name":"Home","item":"https:\/\/www.external-democracy-promotion.eu\/de\/"},{"@type":"ListItem","position":2,"name":"Din\u00e1micas territoriales de la violencia y del conflict armado antes y despu\u00e9s del acuerdo de paz con las FARC-EP"}]},{"@type":"WebSite","@id":"https:\/\/www.external-democracy-promotion.eu\/de\/#website","url":"https:\/\/www.external-democracy-promotion.eu\/de\/","name":"EDP Network","description":"Deutsche Website","potentialAction":[{"@type":"SearchAction","target":{"@type":"EntryPoint","urlTemplate":"https:\/\/www.external-democracy-promotion.eu\/de\/?s={search_term_string}"},"query-input":{"@type":"PropertyValueSpecification","valueRequired":true,"valueName":"search_term_string"}}],"inLanguage":"de"},{"@type":"Person","@id":"https:\/\/www.external-democracy-promotion.eu\/de\/#\/schema\/person\/d31e00ee83784377361c70f7f3c1d1bf","name":"redaktion","url":"https:\/\/www.external-democracy-promotion.eu\/de\/author\/redaktion\/"}]}},"_links":{"self":[{"href":"https:\/\/www.external-democracy-promotion.eu\/de\/wp-json\/wp\/v2\/posts\/2015","targetHints":{"allow":["GET"]}}],"collection":[{"href":"https:\/\/www.external-democracy-promotion.eu\/de\/wp-json\/wp\/v2\/posts"}],"about":[{"href":"https:\/\/www.external-democracy-promotion.eu\/de\/wp-json\/wp\/v2\/types\/post"}],"author":[{"embeddable":true,"href":"https:\/\/www.external-democracy-promotion.eu\/de\/wp-json\/wp\/v2\/users\/3"}],"replies":[{"embeddable":true,"href":"https:\/\/www.external-democracy-promotion.eu\/de\/wp-json\/wp\/v2\/comments?post=2015"}],"version-history":[{"count":1,"href":"https:\/\/www.external-democracy-promotion.eu\/de\/wp-json\/wp\/v2\/posts\/2015\/revisions"}],"predecessor-version":[{"id":2016,"href":"https:\/\/www.external-democracy-promotion.eu\/de\/wp-json\/wp\/v2\/posts\/2015\/revisions\/2016"}],"wp:attachment":[{"href":"https:\/\/www.external-democracy-promotion.eu\/de\/wp-json\/wp\/v2\/media?parent=2015"}],"wp:term":[{"taxonomy":"category","embeddable":true,"href":"https:\/\/www.external-democracy-promotion.eu\/de\/wp-json\/wp\/v2\/categories?post=2015"},{"taxonomy":"post_tag","embeddable":true,"href":"https:\/\/www.external-democracy-promotion.eu\/de\/wp-json\/wp\/v2\/tags?post=2015"}],"curies":[{"name":"wp","href":"https:\/\/api.w.org\/{rel}","templated":true}]}}